{"id":351,"date":"2012-12-12T16:54:49","date_gmt":"2012-12-12T16:54:49","guid":{"rendered":"http:\/\/tomasdasilva.com\/?p=351"},"modified":"2012-12-12T16:57:26","modified_gmt":"2012-12-12T16:57:26","slug":"bienvenidos","status":"publish","type":"post","link":"https:\/\/tomasdasilva.com\/?p=351","title":{"rendered":"Bienvenidos!!"},"content":{"rendered":"<p>Bienvenidos a la nueva web!!<\/p>\n<p>Hemos cambiado todo el dise\u00f1o. Un nuevo concepto de p\u00e1gina web, m\u00e1s interactivo y moderno. Tenemos el blog (el que est\u00e1s leyendo ahora) mucho m\u00e1s integrado. Desde aqu\u00ed estaremos m\u00e1s en contacto. Iremos publicando fotos, noticias, eventos&#8230; todo lo que est\u00e9 relacionado con nuestro trabajo o, simplemente, con la fotograf\u00eda.<\/p>\n<p>En la pesta\u00f1a de \u00abGaler\u00edas\u00bb estar\u00e1 el \u00abBook\u00bb. Se podr\u00e1 consultar siempre. Iremos actualiz\u00e1ndolo a medida que vayan surgiendo trabajos nuevos que sean interesantes. De momento solo hay tres portfolios. Los, digamos, m\u00e1s profesionales. Pero nuestra intenci\u00f3n es ir a\u00f1adiendo m\u00e1s. Temas como viajes y obra personal. Servir\u00e1, tambi\u00e9n, para que ve\u00e1is como nos desenvolvemos en otros campos que no son los habituales, pero s\u00ed los \u00abpasionales\u00bb!<\/p>\n<p>En \u00abInfo\u00bb encontrar\u00e9is justamente eso, informaci\u00f3n! Clientes con los que solemos colaborar, informaci\u00f3n sobre nosotros&#8230;<\/p>\n<p>Y si necesitas contactarnos tendr\u00e1s toda la informaci\u00f3n en la pesta\u00f1a dedicada a ello!<\/p>\n<p>Espero que sea de vuestro agrado!<\/p>\n<p>Un saludo.<\/p>\n<p>Tom\u00e1s.<\/p>\n","protected":false},"excerpt":{"rendered":"<p>Bienvenidos a la nueva web!! Hemos cambiado todo el dise\u00f1o. Un nuevo concepto de p\u00e1gina web, m\u00e1s interactivo y moderno. Tenemos el blog (el que est\u00e1s leyendo ahora) mucho m\u00e1s integrado. Desde aqu\u00ed estaremos m\u00e1s en contacto. Iremos publicando fotos, noticias, eventos&#8230; todo lo que est\u00e9 relacionado con nuestro trabajo o, simplemente, con la fotograf\u00eda. [&hellip;]<\/p>\n","protected":false},"author":2,"featured_media":0,"comment_status":"open","ping_status":"open","sticky":false,"template":"","format":"standard","meta":{"footnotes":""},"categories":[1],"tags":[],"class_list":["post-351","post","type-post","status-publish","format-standard","hentry","category-uncategorized"],"_links":{"self":[{"href":"https:\/\/tomasdasilva.com\/index.php?rest_route=\/wp\/v2\/posts\/351","targetHints":{"allow":["GET"]}}],"collection":[{"href":"https:\/\/tomasdasilva.com\/index.php?rest_route=\/wp\/v2\/posts"}],"about":[{"href":"https:\/\/tomasdasilva.com\/index.php?rest_route=\/wp\/v2\/types\/post"}],"author":[{"embeddable":true,"href":"https:\/\/tomasdasilva.com\/index.php?rest_route=\/wp\/v2\/users\/2"}],"replies":[{"embeddable":true,"href":"https:\/\/tomasdasilva.com\/index.php?rest_route=%2Fwp%2Fv2%2Fcomments&post=351"}],"version-history":[{"count":3,"href":"https:\/\/tomasdasilva.com\/index.php?rest_route=\/wp\/v2\/posts\/351\/revisions"}],"predecessor-version":[{"id":353,"href":"https:\/\/tomasdasilva.com\/index.php?rest_route=\/wp\/v2\/posts\/351\/revisions\/353"}],"wp:attachment":[{"href":"https:\/\/tomasdasilva.com\/index.php?rest_route=%2Fwp%2Fv2%2Fmedia&parent=351"}],"wp:term":[{"taxonomy":"category","embeddable":true,"href":"https:\/\/tomasdasilva.com\/index.php?rest_route=%2Fwp%2Fv2%2Fcategories&post=351"},{"taxonomy":"post_tag","embeddable":true,"href":"https:\/\/tomasdasilva.com\/index.php?rest_route=%2Fwp%2Fv2%2Ftags&post=351"}],"curies":[{"name":"wp","href":"https:\/\/api.w.org\/{rel}","templated":true}]}}